{"id":1345,"date":"2022-04-13T19:03:46","date_gmt":"2022-04-13T17:03:46","guid":{"rendered":"https:\/\/www.gas-speleo.fr\/?p=1345"},"modified":"2022-06-02T07:38:57","modified_gmt":"2022-06-02T05:38:57","slug":"ligue-olivier-les-doigts-dans-lnez","status":"publish","type":"post","link":"https:\/\/www.gas-speleo.fr\/index.php\/2022\/04\/13\/ligue-olivier-les-doigts-dans-lnez\/","title":{"rendered":"L&rsquo;igue Olivier, les doigts dans l&rsquo;nez"},"content":{"rendered":"\n<p>Les sorties \u00ab\u00a0interclubs p\u00e9diatriques\u00a0\u00bb ont de plus en plus de succ\u00e8s : en ce 27 mars 2022, nous comptons pas moins de neuf aventuriers sur les rangs : Seb et Oriane, Michel, Mathis et Gennaro, Chlo\u00e9 (pour le GAS), Max et Adrien (pour le CASKE), et votre serviteur (pour Leize Mendi).<\/p>\n\n\n\n<div class=\"wp-block-image\"><figure class=\"aligncenter size-large\"><img loading=\"lazy\" decoding=\"async\" width=\"533\" height=\"800\" src=\"https:\/\/www.gas-speleo.fr\/wp-content\/uploads\/2022\/04\/2022-03-27_1023_DSC01524.jpg\" alt=\"\" class=\"wp-image-1346\" srcset=\"https:\/\/www.gas-speleo.fr\/wp-content\/uploads\/2022\/04\/2022-03-27_1023_DSC01524.jpg 533w, https:\/\/www.gas-speleo.fr\/wp-content\/uploads\/2022\/04\/2022-03-27_1023_DSC01524-200x300.jpg 200w, https:\/\/www.gas-speleo.fr\/wp-content\/uploads\/2022\/04\/2022-03-27_1023_DSC01524-470x705.jpg 470w\" sizes=\"(max-width: 533px) 100vw, 533px\" \/><figcaption><em>La classe int\u00e9grale&#8230;mais c&rsquo;est quoi ce croll laiss\u00e9 ouvert ? Toute une \u00e9ducation \u00e0 reprendre.<\/em><\/figcaption><\/figure><\/div>\n\n\n\n<p>Le d\u00e9part du P7 d&rsquo;entr\u00e9e est un peu plus acrobatique pour les petits qu&rsquo;\u00e0 Roussario. J&rsquo;avoue avoir un peu \u00e9quip\u00e9 comme un porc, mais gr\u00e2ce au grand sens p\u00e9dagogique de Yopie, tout le monde arrive en bas dans un \u00e9tat de sant\u00e9 \u00e0 peu pr\u00e8s satisfaisant, et en autonomie s&rsquo;il vous pla\u00eet. Le passage de fractio sera la prochaine \u00e9tape.<\/p>\n\n\n\n<div class=\"wp-block-image\"><figure class=\"aligncenter size-large\"><img loading=\"lazy\" decoding=\"async\" width=\"533\" height=\"800\" src=\"https:\/\/www.gas-speleo.fr\/wp-content\/uploads\/2022\/04\/2022-03-27_1113_DSC01548-1.jpg\" alt=\"\" class=\"wp-image-1348\" srcset=\"https:\/\/www.gas-speleo.fr\/wp-content\/uploads\/2022\/04\/2022-03-27_1113_DSC01548-1.jpg 533w, https:\/\/www.gas-speleo.fr\/wp-content\/uploads\/2022\/04\/2022-03-27_1113_DSC01548-1-200x300.jpg 200w, https:\/\/www.gas-speleo.fr\/wp-content\/uploads\/2022\/04\/2022-03-27_1113_DSC01548-1-470x705.jpg 470w\" sizes=\"(max-width: 533px) 100vw, 533px\" \/><figcaption><em>C&rsquo;est cool les puits&#8230; Vivement un P140.<\/em><\/figcaption><\/figure><\/div>\n\n\n\n<p>Apr\u00e8s quelques dizaines de m\u00e8tres de galerie sub-horizontale et un coucou \u00e0 une chauve-souris, on arrive \u00e0 mi-hauteur de la salle Lucille, dans le fond de laquelle glougloute la rivi\u00e8re souterraine. Max conna\u00eet bien la grotte, il l\u00e8ve le doute sur le flanc \u00e0 emprunter.<\/p>\n\n\n\n<p>Il faut \u00e0 pr\u00e9sent passer une quinzaine de m\u00e8tres de main courante, encore une nouveaut\u00e9 pour nos bouts d&rsquo;choux (chous ? choux ? euh, hibou, caillou, joujou, pou&#8230;oui, c&rsquo;est \u00e7a, choux &#8211; bref, les nabots), qui int\u00e8grent la technique assez rapidement. Seb a eu la bonne id\u00e9e d&rsquo;amener des phares de plong\u00e9e, parfaits pour mettre en valeur le beau volume de cette salle et arracher des \u00ab\u00a0w\u00e2\u00e2\u00e2\u00e2h, c&rsquo;est beaaauuuu\u00a0\u00bb \u00e0 nos h\u00e9ritiers respectifs.<\/p>\n\n\n\n<div class=\"wp-block-image\"><figure class=\"aligncenter size-large\"><img loading=\"lazy\" decoding=\"async\" width=\"533\" height=\"800\" src=\"https:\/\/www.gas-speleo.fr\/wp-content\/uploads\/2022\/04\/2022-03-27_1325_DSC01692-2.jpg\" alt=\"\" class=\"wp-image-1351\" srcset=\"https:\/\/www.gas-speleo.fr\/wp-content\/uploads\/2022\/04\/2022-03-27_1325_DSC01692-2.jpg 533w, https:\/\/www.gas-speleo.fr\/wp-content\/uploads\/2022\/04\/2022-03-27_1325_DSC01692-2-200x300.jpg 200w, https:\/\/www.gas-speleo.fr\/wp-content\/uploads\/2022\/04\/2022-03-27_1325_DSC01692-2-470x705.jpg 470w\" sizes=\"(max-width: 533px) 100vw, 533px\" \/><figcaption>\u00ab\u00a0<em>Moi de toute fa\u00e7on j&rsquo;ai pas besoin de lampe, je suis nyctalope.\u00a0\u00bb<\/em><br><img decoding=\"async\" src=\"https:\/\/vignette.wikia.nocookie.net\/wikidupeuple\/images\/0\/0d\/Elfe_Art.png\/revision\/latest?cb=20101010210259&amp;path-prefix=fr\"><\/figcaption><\/figure><\/div>\n\n\n\n<p>La fi\u00e8re colonne poursuit sa promenade dans un joli m\u00e9andre avec une belle hauteur sous plafond et parsem\u00e9 de gours. On finit par buter sur une \u00e9norme marmite d&rsquo;eau brune o\u00f9 les petits gavouillent, mais la suite s&rsquo;annonce de plus en plus humide. Nous retournons donc sur nos pas en qu\u00eate d&rsquo;une zone un peu plus s\u00e8che pour pique-niquer. Chlo\u00e9, toute fi\u00e8re de ne pas s&rsquo;\u00eatre mouill\u00e9 les pieds \u00e0 l&rsquo;aller, entreprend de contourner la marmite en rampant&#8230; et que croyez-vous qu&rsquo;il d\u00fbt arriver ?<\/p>\n\n\n\n<p>R\u00e9ponse 1 : Chlo\u00e9 glisse et choit dans la marmite jusqu&rsquo;au ventre.<\/p>\n\n\n\n<p>R\u00e9ponse 2 : Chlo\u00e9 glisse et choit dans la marmite jusqu&rsquo;au ventre.<\/p>\n\n\n\n<p>R\u00e9ponse 3 : Chlo\u00e9 glisse et choit dans la marmite jusqu&rsquo;au ventre.<\/p>\n\n\n\n<p>(Accrochez-vous, je sais, ce n&rsquo;est pas facile)<\/p>\n\n\n\n<div class=\"wp-block-image\"><figure class=\"aligncenter size-large\"><img loading=\"lazy\" decoding=\"async\" width=\"533\" height=\"800\" src=\"https:\/\/www.gas-speleo.fr\/wp-content\/uploads\/2022\/04\/2022-03-27_1302_DSC01593-1.jpg\" alt=\"\" class=\"wp-image-1353\" srcset=\"https:\/\/www.gas-speleo.fr\/wp-content\/uploads\/2022\/04\/2022-03-27_1302_DSC01593-1.jpg 533w, https:\/\/www.gas-speleo.fr\/wp-content\/uploads\/2022\/04\/2022-03-27_1302_DSC01593-1-200x300.jpg 200w, https:\/\/www.gas-speleo.fr\/wp-content\/uploads\/2022\/04\/2022-03-27_1302_DSC01593-1-470x705.jpg 470w\" sizes=\"(max-width: 533px) 100vw, 533px\" \/><figcaption><em>Ah \u00e7a, pour la gamelle, ils sont jamais en retard.<\/em><\/figcaption><\/figure><\/div>\n\n\n\n<div class=\"wp-block-image\"><figure class=\"aligncenter size-large\"><img loading=\"lazy\" decoding=\"async\" width=\"533\" height=\"800\" src=\"https:\/\/www.gas-speleo.fr\/wp-content\/uploads\/2022\/04\/2022-03-27_1300_DSC01575-1.jpg\" alt=\"\" class=\"wp-image-1355\" srcset=\"https:\/\/www.gas-speleo.fr\/wp-content\/uploads\/2022\/04\/2022-03-27_1300_DSC01575-1.jpg 533w, https:\/\/www.gas-speleo.fr\/wp-content\/uploads\/2022\/04\/2022-03-27_1300_DSC01575-1-200x300.jpg 200w, https:\/\/www.gas-speleo.fr\/wp-content\/uploads\/2022\/04\/2022-03-27_1300_DSC01575-1-470x705.jpg 470w\" sizes=\"(max-width: 533px) 100vw, 533px\" \/><figcaption><em>Heureusement que Max \u00e9tait l\u00e0, pour apporter un peu de sagesse dans ce groupe de bras cass\u00e9s.<\/em><\/figcaption><\/figure><\/div>\n\n\n\n<p>Reste \u00e0 attaquer la remont\u00e9e, et cette fois c&rsquo;est \u00e0 la force des bras ! Tout le monde s&rsquo;en sort bien et peut \u00eatre fier de sa premi\u00e8re remont\u00e9e aux bloqueurs. Vivement le P140&#8230;euh, ah oui mais non, pas l\u00e0.<\/p>\n\n\n\n<div class=\"wp-block-image\"><figure class=\"aligncenter size-large\"><img loading=\"lazy\" decoding=\"async\" width=\"533\" height=\"800\" src=\"https:\/\/www.gas-speleo.fr\/wp-content\/uploads\/2022\/04\/2022-03-27_1408_DSC01812-1.jpg\" alt=\"\" class=\"wp-image-1357\" srcset=\"https:\/\/www.gas-speleo.fr\/wp-content\/uploads\/2022\/04\/2022-03-27_1408_DSC01812-1.jpg 533w, https:\/\/www.gas-speleo.fr\/wp-content\/uploads\/2022\/04\/2022-03-27_1408_DSC01812-1-200x300.jpg 200w, https:\/\/www.gas-speleo.fr\/wp-content\/uploads\/2022\/04\/2022-03-27_1408_DSC01812-1-470x705.jpg 470w\" sizes=\"(max-width: 533px) 100vw, 533px\" \/><figcaption><em>Yopie qui se demande si son stock de sucreries survivra \u00e0 l&rsquo;assaut des m\u00f4mes, surmotiv\u00e9s depuis qu&rsquo;il en a imprudemment r\u00e9v\u00e9l\u00e9 l&rsquo;existence.<\/em><\/figcaption><\/figure><\/div>\n\n\n\n<p>Et voil\u00e0, that&rsquo;s all folks !!! Prochaine \u00e9tape, la Coume. On arrivera bien \u00e0 en perdre un ou deux cette fois&#8230;<\/p>\n\n\n\n<p><\/p>\n\n\n\n<p>St\u00e9phane<\/p>\n\n\n","protected":false},"excerpt":{"rendered":"<p>Les sorties \u00ab\u00a0interclubs p\u00e9diatriques\u00a0\u00bb ont de plus en plus de succ\u00e8s : en ce 27 mars 2022, nous comptons pas moins de neuf aventuriers sur les rangs : Seb et Oriane, Michel, Mathis et Gennaro, Chlo\u00e9 (pour le GAS), Max et Adrien (pour le CASKE), et votre serviteur (pour Leize Mendi). Le d\u00e9part du P7 [&hellip;]<\/p>\n","protected":false},"author":10,"featured_media":1346,"comment_status":"closed","ping_status":"open","sticky":false,"template":"","format":"standard","meta":{"footnotes":""},"categories":[1],"tags":[],"_links":{"self":[{"href":"https:\/\/www.gas-speleo.fr\/index.php\/wp-json\/wp\/v2\/posts\/1345"}],"collection":[{"href":"https:\/\/www.gas-speleo.fr\/index.php\/wp-json\/wp\/v2\/posts"}],"about":[{"href":"https:\/\/www.gas-speleo.fr\/index.php\/wp-json\/wp\/v2\/types\/post"}],"author":[{"embeddable":true,"href":"https:\/\/www.gas-speleo.fr\/index.php\/wp-json\/wp\/v2\/users\/10"}],"replies":[{"embeddable":true,"href":"https:\/\/www.gas-speleo.fr\/index.php\/wp-json\/wp\/v2\/comments?post=1345"}],"version-history":[{"count":2,"href":"https:\/\/www.gas-speleo.fr\/index.php\/wp-json\/wp\/v2\/posts\/1345\/revisions"}],"predecessor-version":[{"id":1360,"href":"https:\/\/www.gas-speleo.fr\/index.php\/wp-json\/wp\/v2\/posts\/1345\/revisions\/1360"}],"wp:featuredmedia":[{"embeddable":true,"href":"https:\/\/www.gas-speleo.fr\/index.php\/wp-json\/wp\/v2\/media\/1346"}],"wp:attachment":[{"href":"https:\/\/www.gas-speleo.fr\/index.php\/wp-json\/wp\/v2\/media?parent=1345"}],"wp:term":[{"taxonomy":"category","embeddable":true,"href":"https:\/\/www.gas-speleo.fr\/index.php\/wp-json\/wp\/v2\/categories?post=1345"},{"taxonomy":"post_tag","embeddable":true,"href":"https:\/\/www.gas-speleo.fr\/index.php\/wp-json\/wp\/v2\/tags?post=1345"}],"curies":[{"name":"wp","href":"https:\/\/api.w.org\/{rel}","templated":true}]}}