{"id":1522,"date":"2023-12-10T23:21:20","date_gmt":"2023-12-10T22:21:20","guid":{"rendered":"https:\/\/www.gas-speleo.fr\/?p=1522"},"modified":"2023-12-10T23:22:29","modified_gmt":"2023-12-10T22:22:29","slug":"sortie-initiation-artigalere","status":"publish","type":"post","link":"https:\/\/www.gas-speleo.fr\/index.php\/2023\/12\/10\/sortie-initiation-artigalere\/","title":{"rendered":"Sortie Initiation Artigal\u00e8re"},"content":{"rendered":"\n<p>Ce samedi 9 d\u00e9cembre 2023, le GAS s\u2019est rendu \u00e0 la grotte d\u2019Artigal\u00e8re, sur la commune d\u2019Ilhet, \u00e0 proximit\u00e9 de Sarrancolin dans le 65. Cette sortie avait pour but de faire d\u00e9couvrir (ou red\u00e9couvrir pour certains) la sp\u00e9l\u00e9ologie \u00e0 des nouvelles personnes, qui ont notamment entendu&nbsp;parler du club \u00e0 la&nbsp;foire du sport, en septembre \u00e0 Auch.<\/p>\n\n\n\n<figure class=\"wp-block-gallery has-nested-images columns-default is-cropped wp-block-gallery-1 is-layout-flex wp-block-gallery-is-layout-flex\">\n<figure class=\"wp-block-image size-large\"><a href=\"https:\/\/www.gas-speleo.fr\/wp-content\/uploads\/2023\/12\/Artigalere-1752737793.jpg\" target=\"_blank\"><img loading=\"lazy\" decoding=\"async\" width=\"773\" height=\"1030\" data-id=\"1520\" src=\"https:\/\/www.gas-speleo.fr\/wp-content\/uploads\/2023\/12\/Artigalere-1752737793-773x1030.jpg\" alt=\"\" class=\"wp-image-1520\" srcset=\"https:\/\/www.gas-speleo.fr\/wp-content\/uploads\/2023\/12\/Artigalere-1752737793-773x1030.jpg 773w, https:\/\/www.gas-speleo.fr\/wp-content\/uploads\/2023\/12\/Artigalere-1752737793-225x300.jpg 225w, https:\/\/www.gas-speleo.fr\/wp-content\/uploads\/2023\/12\/Artigalere-1752737793-768x1024.jpg 768w, https:\/\/www.gas-speleo.fr\/wp-content\/uploads\/2023\/12\/Artigalere-1752737793-1152x1536.jpg 1152w, https:\/\/www.gas-speleo.fr\/wp-content\/uploads\/2023\/12\/Artigalere-1752737793-1536x2048.jpg 1536w, https:\/\/www.gas-speleo.fr\/wp-content\/uploads\/2023\/12\/Artigalere-1752737793-1125x1500.jpg 1125w, https:\/\/www.gas-speleo.fr\/wp-content\/uploads\/2023\/12\/Artigalere-1752737793-529x705.jpg 529w, https:\/\/www.gas-speleo.fr\/wp-content\/uploads\/2023\/12\/Artigalere-1752737793.jpg 1656w\" sizes=\"(max-width: 773px) 100vw, 773px\" \/><\/a><\/figure>\n\n\n\n<figure class=\"wp-block-image size-large\"><a href=\"https:\/\/www.gas-speleo.fr\/wp-content\/uploads\/2023\/12\/Artigalere-1646867991.jpg\" target=\"_blank\"><img loading=\"lazy\" decoding=\"async\" width=\"773\" height=\"1030\" data-id=\"1519\" src=\"https:\/\/www.gas-speleo.fr\/wp-content\/uploads\/2023\/12\/Artigalere-1646867991-773x1030.jpg\" alt=\"\" class=\"wp-image-1519\" srcset=\"https:\/\/www.gas-speleo.fr\/wp-content\/uploads\/2023\/12\/Artigalere-1646867991-773x1030.jpg 773w, https:\/\/www.gas-speleo.fr\/wp-content\/uploads\/2023\/12\/Artigalere-1646867991-225x300.jpg 225w, https:\/\/www.gas-speleo.fr\/wp-content\/uploads\/2023\/12\/Artigalere-1646867991-768x1024.jpg 768w, https:\/\/www.gas-speleo.fr\/wp-content\/uploads\/2023\/12\/Artigalere-1646867991-1152x1536.jpg 1152w, https:\/\/www.gas-speleo.fr\/wp-content\/uploads\/2023\/12\/Artigalere-1646867991-1536x2048.jpg 1536w, https:\/\/www.gas-speleo.fr\/wp-content\/uploads\/2023\/12\/Artigalere-1646867991-1125x1500.jpg 1125w, https:\/\/www.gas-speleo.fr\/wp-content\/uploads\/2023\/12\/Artigalere-1646867991-529x705.jpg 529w, https:\/\/www.gas-speleo.fr\/wp-content\/uploads\/2023\/12\/Artigalere-1646867991.jpg 1656w\" sizes=\"(max-width: 773px) 100vw, 773px\" \/><\/a><\/figure>\n<\/figure>\n\n\n\n<p>Margot et Mathias, deux jeunes sp\u00e9l\u00e9os du club, ont aid\u00e9 Marc \u00e0 encadrer la sortie. En effet, le bin\u00f4me est parti en t\u00eate afin d\u2019\u00e9quiper la cavit\u00e9. Pendant ce temps-l\u00e0, Marc \u00e9tait aupr\u00e8s des initi\u00e9s pour leur expliquer les bases de la pratique. Les deux groupes se sont retrouv\u00e9s au fond du trou, et apr\u00e8s avoir fouill\u00e9 tous les recoins de la cavit\u00e9, le groupe est remont\u00e9, pendant qu\u2019\u00e0 l\u2019arri\u00e8re, Mathias et Margot d\u00e9s\u00e9quipaient.<\/p>\n\n\n\n<p>La grotte d\u2019Artigal\u00e8re, id\u00e9ale pour de l\u2019initiation, avec ses deux puits (5 et 12m), ses jolies concr\u00e9tions et ses quelques passages \u00e9troits pour les plus intr\u00e9pides, a su satisfaire les apprentis sp\u00e9l\u00e9os. Apr\u00e8s avoir pass\u00e9 4h sous terre, la totalit\u00e9 du groupe ressort avec le sourire, avant de reprendre des forces et de d\u00e9briefer la sortie autour d\u2019un bon pique-nique.<\/p>\n\n\n\n<p><\/p>\n\n\n\n<p>Mathias.<\/p>\n\n\n\n<figure class=\"wp-block-gallery has-nested-images columns-3 is-cropped wp-block-gallery-2 is-layout-flex wp-block-gallery-is-layout-flex\">\n<figure class=\"wp-block-image size-large\"><a href=\"https:\/\/www.gas-speleo.fr\/wp-content\/uploads\/2023\/12\/Artigalere-1646160557.jpg\" target=\"_blank\"><img loading=\"lazy\" decoding=\"async\" width=\"773\" height=\"1030\" data-id=\"1518\" src=\"https:\/\/www.gas-speleo.fr\/wp-content\/uploads\/2023\/12\/Artigalere-1646160557-773x1030.jpg\" alt=\"\" class=\"wp-image-1518\" srcset=\"https:\/\/www.gas-speleo.fr\/wp-content\/uploads\/2023\/12\/Artigalere-1646160557-773x1030.jpg 773w, https:\/\/www.gas-speleo.fr\/wp-content\/uploads\/2023\/12\/Artigalere-1646160557-225x300.jpg 225w, https:\/\/www.gas-speleo.fr\/wp-content\/uploads\/2023\/12\/Artigalere-1646160557-768x1024.jpg 768w, https:\/\/www.gas-speleo.fr\/wp-content\/uploads\/2023\/12\/Artigalere-1646160557-1152x1536.jpg 1152w, https:\/\/www.gas-speleo.fr\/wp-content\/uploads\/2023\/12\/Artigalere-1646160557-1536x2048.jpg 1536w, https:\/\/www.gas-speleo.fr\/wp-content\/uploads\/2023\/12\/Artigalere-1646160557-1125x1500.jpg 1125w, https:\/\/www.gas-speleo.fr\/wp-content\/uploads\/2023\/12\/Artigalere-1646160557-529x705.jpg 529w, https:\/\/www.gas-speleo.fr\/wp-content\/uploads\/2023\/12\/Artigalere-1646160557.jpg 1656w\" sizes=\"(max-width: 773px) 100vw, 773px\" \/><\/a><\/figure>\n\n\n\n<figure class=\"wp-block-image size-large\"><a href=\"https:\/\/www.gas-speleo.fr\/wp-content\/uploads\/2023\/12\/Artigalere-1770708785.jpg\" target=\"_blank\"><img loading=\"lazy\" decoding=\"async\" width=\"773\" height=\"1030\" data-id=\"1521\" src=\"https:\/\/www.gas-speleo.fr\/wp-content\/uploads\/2023\/12\/Artigalere-1770708785-773x1030.jpg\" alt=\"\" class=\"wp-image-1521\" srcset=\"https:\/\/www.gas-speleo.fr\/wp-content\/uploads\/2023\/12\/Artigalere-1770708785-773x1030.jpg 773w, https:\/\/www.gas-speleo.fr\/wp-content\/uploads\/2023\/12\/Artigalere-1770708785-225x300.jpg 225w, https:\/\/www.gas-speleo.fr\/wp-content\/uploads\/2023\/12\/Artigalere-1770708785-768x1024.jpg 768w, https:\/\/www.gas-speleo.fr\/wp-content\/uploads\/2023\/12\/Artigalere-1770708785-1152x1536.jpg 1152w, https:\/\/www.gas-speleo.fr\/wp-content\/uploads\/2023\/12\/Artigalere-1770708785-1536x2048.jpg 1536w, https:\/\/www.gas-speleo.fr\/wp-content\/uploads\/2023\/12\/Artigalere-1770708785-1125x1500.jpg 1125w, https:\/\/www.gas-speleo.fr\/wp-content\/uploads\/2023\/12\/Artigalere-1770708785-529x705.jpg 529w, https:\/\/www.gas-speleo.fr\/wp-content\/uploads\/2023\/12\/Artigalere-1770708785.jpg 1656w\" sizes=\"(max-width: 773px) 100vw, 773px\" \/><\/a><\/figure>\n<\/figure>\n","protected":false},"excerpt":{"rendered":"<p>Ce samedi 9 d\u00e9cembre 2023, le GAS s\u2019est rendu \u00e0 la grotte d\u2019Artigal\u00e8re, sur la commune d\u2019Ilhet, \u00e0 proximit\u00e9 de Sarrancolin dans le 65. Cette sortie avait pour but de faire d\u00e9couvrir (ou red\u00e9couvrir pour certains) la sp\u00e9l\u00e9ologie \u00e0 des nouvelles personnes, qui ont notamment entendu&nbsp;parler du club \u00e0 la&nbsp;foire du sport, en septembre \u00e0 [&hellip;]<\/p>\n","protected":false},"author":2,"featured_media":1518,"comment_status":"closed","ping_status":"closed","sticky":false,"template":"","format":"standard","meta":{"footnotes":""},"categories":[5,8],"tags":[],"_links":{"self":[{"href":"https:\/\/www.gas-speleo.fr\/index.php\/wp-json\/wp\/v2\/posts\/1522"}],"collection":[{"href":"https:\/\/www.gas-speleo.fr\/index.php\/wp-json\/wp\/v2\/posts"}],"about":[{"href":"https:\/\/www.gas-speleo.fr\/index.php\/wp-json\/wp\/v2\/types\/post"}],"author":[{"embeddable":true,"href":"https:\/\/www.gas-speleo.fr\/index.php\/wp-json\/wp\/v2\/users\/2"}],"replies":[{"embeddable":true,"href":"https:\/\/www.gas-speleo.fr\/index.php\/wp-json\/wp\/v2\/comments?post=1522"}],"version-history":[{"count":5,"href":"https:\/\/www.gas-speleo.fr\/index.php\/wp-json\/wp\/v2\/posts\/1522\/revisions"}],"predecessor-version":[{"id":1527,"href":"https:\/\/www.gas-speleo.fr\/index.php\/wp-json\/wp\/v2\/posts\/1522\/revisions\/1527"}],"wp:featuredmedia":[{"embeddable":true,"href":"https:\/\/www.gas-speleo.fr\/index.php\/wp-json\/wp\/v2\/media\/1518"}],"wp:attachment":[{"href":"https:\/\/www.gas-speleo.fr\/index.php\/wp-json\/wp\/v2\/media?parent=1522"}],"wp:term":[{"taxonomy":"category","embeddable":true,"href":"https:\/\/www.gas-speleo.fr\/index.php\/wp-json\/wp\/v2\/categories?post=1522"},{"taxonomy":"post_tag","embeddable":true,"href":"https:\/\/www.gas-speleo.fr\/index.php\/wp-json\/wp\/v2\/tags?post=1522"}],"curies":[{"name":"wp","href":"https:\/\/api.w.org\/{rel}","templated":true}]}}